{"id":1426,"date":"2026-04-24T12:26:05","date_gmt":"2026-04-24T10:26:05","guid":{"rendered":"https:\/\/beauteserenite.fr\/?p=1426"},"modified":"2026-04-24T12:26:05","modified_gmt":"2026-04-24T10:26:05","slug":"der-ideale-rucksack-fuer-alltag-und-reisen-im-test","status":"publish","type":"post","link":"https:\/\/beauteserenite.fr\/de\/der-ideale-rucksack-fuer-alltag-und-reisen-im-test\/","title":{"rendered":"Der ideale Rucksack f\u00fcr Alltag und Reisen im Test"},"content":{"rendered":"\n<p>Das Wort Rucksack stammt urspr\u00fcnglich aus dem 19. Jahrhundert und bedeutet im Deutschen ganz w\u00f6rtlich ein Sack, der auf dem R\u00fccken getragen wird. Heute ist dieser funktionale Begleiter mit zwei Schultergurten und oft einem stabilisierenden Rahmen das Standardwerkzeug f\u00fcr Wanderer, Camper und Pendler gleicherma\u00dfen.<\/p>\n\n\n\n<p>Doch bei der riesigen Auswahl f\u00e4llt es oft schwer, das richtige Modell f\u00fcr den eigenen Alltag oder die n\u00e4chste Reise zu finden. In diesem Artikel erfahren Sie alles \u00fcber das ideale Volumen und die ergonomischen Details, damit Sie die beste Entscheidung f\u00fcr Ihren R\u00fccken treffen.<\/p>\n\n\n\n<h2 class=\"wp-block-heading\" id=\"was-ein-moderner-rucksack-leisten-muss\">Was ein moderner Rucksack wirklich leisten muss<\/h2>\n\n\n\n<p>Ein idealer Rucksack vereint 20 bis 30 Liter Volumen, ein gepolstertes 15-Zoll-Laptopfach und ergonomische S-Gurte. Recycelte Materialien und wasserfeste Rollverschl\u00fcsse sichern die Langlebigkeit f\u00fcr Pendler und Reisende. Die richtige Gr\u00f6\u00dfe bestimmt dabei ma\u00dfgeblich den t\u00e4glichen Nutzen dieser <a href=\"https:\/\/www.cabaia.com\/de-de\/collections\/rucksaecke\" target=\"_blank\" rel=\"noreferrer noopener\">rucks\u00e4cke<\/a>.<\/p>\n\n\n\n<h3 class=\"wp-block-heading\">Die Wahl des passenden Volumens f\u00fcr jeden Zweck<\/h3>\n\n\n\n<p>F\u00fcr die Universit\u00e4t gen\u00fcgen oft 15 bis 20 Liter. Im B\u00fcroalltag sind 20 bis 25 Liter ideal. Wer Wochenendtrips plant, sollte eher zu Modellen mit \u00fcber 30 Litern greifen.<\/p>\n\n\n\n<p>Das Volumen beeinflusst die innere Ordnung massiv. Viel Platz ohne Trennf\u00e4cher f\u00fchrt schnell zu Chaos. Vielseitige Modelle passen sich jedoch flexibel an verschiedene Alltagssituationen an, vom Sport bis zum Meeting.<\/p>\n\n\n\n<p>W\u00e4hlen Sie das Volumen strategisch. So schleppen Sie niemals unn\u00f6tiges Gewicht mit sich herum. Das schont den R\u00fccken und spart Kraft.<\/p>\n\n\n\n<h3 class=\"wp-block-heading\">Integrierter Schutz f\u00fcr Laptop und Elektronik<\/h3>\n\n\n\n<p>Die Aufh\u00e4ngung des Laptopfachs ist entscheidend. Das Ger\u00e4t darf niemals direkt den Boden ber\u00fchren. Pr\u00fcfen Sie vorab, ob Ihr 13- bis 16-Zoll-Ger\u00e4t exakt in die Tasche passt.<\/p>\n\n\n\n<p>Gute Polsterungen an den Seiten sind Pflicht. Eine weiche Innenauskleidung verhindert zudem fiese Kratzer. Das ist besonders in vollen Z\u00fcgen oder Bussen ein echter Lebensretter f\u00fcr Ihre Technik.<\/p>\n\n\n\n<p>Nutzen Sie zus\u00e4tzliche Taschen f\u00fcr Kabel. Das schafft Ordnung im rucksack. So vermeiden Sie punktuellen Druck auf empfindliche Displays, wenn der Rest des Sacks prall gef\u00fcllt ist.<\/p>\n\n\n\n<h2 class=\"wp-block-heading\" id=\"ergonomie-und-tragekomfort-fuer-lange-tage\">Ergonomie und Tragekomfort f\u00fcr lange Tage<\/h2>\n\n\n\n<p>Nach der Wahl der richtigen Gr\u00f6\u00dfe und Ausstattung steht die Gesundheit im Vordergrund, denn nur ein perfekt eingestellter Rucksack schont den R\u00fccken nachhaltig.<\/p>\n\n\n\n<h3 class=\"wp-block-heading\">Anleitung zur korrekten Einstellung der Tragesysteme<\/h3>\n\n\n\n<p>Zuerst lockern Sie alle Gurte. Dann fixieren Sie die H\u00fcftflossen mittig auf den Beckenknochen. Abschlie\u00dfend ziehen Sie die Schultergurte und den Brustgurt f\u00fcr stabilen Halt fest.<\/p>\n\n\n\n<p>Ein optimaler Sitz erfordert diese Schritte:<\/p>\n\n\n\n<ul class=\"wp-block-list\">\n<li>Schultergurte festziehen<\/li>\n\n\n\n<li>Brustgurt auf Herzh\u00f6he schlie\u00dfen<\/li>\n\n\n\n<li>Lastenkontrollriemen justieren<\/li>\n\n\n\n<li>Sitz am R\u00fccken pr\u00fcfen<\/li>\n<\/ul>\n\n\n\n<h3 class=\"wp-block-heading\">Bel\u00fcftungssysteme gegen Staun\u00e4sse am R\u00fccken<\/h3>\n\n\n\n<p>Netzr\u00fccken bieten maximale Luftzirkulation durch einen Abstandshalter. Thermoform-Kan\u00e4le nutzen hingegen gepr\u00e4gte Schaumstoffwege f\u00fcr direkten Kontakt. Radfahrer setzen meist auf Mesh-Gewebe. Wanderer bevorzugen oft die pr\u00e4zise Lastkontrolle durch perforierte Polsterungen direkt am K\u00f6rper.<\/p>\n\n\n\n<p>Schwei\u00dfflecken lassen sich so effektiv vermeiden. Ein trockener R\u00fccken sorgt f\u00fcr deutlich besseres Wohlbefinden bei aktiven Touren.<\/p>\n\n\n\n<h3 class=\"wp-block-heading\">Anatomische Unterschiede bei Damen- und Herrenmodellen<\/h3>\n\n\n\n<p>Frauenmodelle besitzen S-f\u00f6rmige Schultergurte gegen Druckstellen im Brustbereich. Zudem ist die R\u00fcckenl\u00e4nge meist k\u00fcrzer konstruiert. Dies entspricht der weiblichen Anatomie mit oft l\u00e4ngeren Beinen im Verh\u00e4ltnis zum Rumpf.<\/p>\n\n\n\n<p>Konische H\u00fcftflossen schmiegen sich besser an das breitere weibliche Becken an. Diese spezifische Form garantiert eine ideale Lastverteilung ohne schmerzhafte Druckpunkte w\u00e4hrend der Wanderung.<\/p>\n\n\n\n<h2 class=\"wp-block-heading\" id=\"materialqualitaet-und-fokus-auf-nachhaltigkeit\">Materialqualit\u00e4t und Fokus auf Nachhaltigkeit<\/h2>\n\n\n\n<p>Neben dem Sitz entscheidet das Material \u00fcber die Lebensdauer, wobei moderne Textilien heute \u00f6kologische Verantwortung mit technischer H\u00f6chstleistung verbinden.<\/p>\n\n\n\n<h3 class=\"wp-block-heading\">Merkmale f\u00fcr echte Wasserdichtigkeit identifizieren<\/h3>\n\n\n\n<p>Ein rucksack kann wasserabweisend oder wirklich wasserdicht sein. Ersterer l\u00e4sst Regen abperlen, w\u00e4hrend letzterer bei Starkregen sch\u00fctzt. PU- oder TPU-beschichtete Stoffe bilden hierbei die beste Barriere gegen Feuchtigkeit.<\/p>\n\n\n\n<p>Verschwei\u00dfte N\u00e4hte und umgekehrte Rei\u00dfverschl\u00fcsse sind entscheidend. Ein Rolltop-System verhindert effektiv das Eindringen von Wasser von oben. Das sch\u00fctzt teure Elektronik bei jedem Wetter. Wer will schon riskieren, dass sein Laptop im Regen abs\u00e4uft?<\/p>\n\n\n\n<p>Nutzen Sie bei langen Wanderungen eine zus\u00e4tzliche Regenh\u00fclle. Sicher ist sicher, besonders im Gebirge.<\/p>\n\n\n\n<h3 class=\"wp-block-heading\">Recycelte Materialien und faire Produktionsstandards<\/h3>\n\n\n\n<p>Stoffe aus recycelten PET-Flaschen sind heute Standard. Sie stehen neuem Nylon in Sachen Robustheit in nichts nach. Zudem senken sie den \u00f6kologischen Fu\u00dfabdruck Ihrer Ausr\u00fcstung massiv.<\/p>\n\n\n\n<p>Achten Sie auf Siegel wie den Global Recycled Standard oder Bluesign. Diese garantieren eine umweltfreundliche Herstellung. Zudem sichern sie faire Arbeitsbedingungen in den Fabriken ab. Das beruhigt das Gewissen beim Kauf.<\/p>\n\n\n\n<figure class=\"wp-block-table\"><table class=\"has-fixed-layout\"><thead><tr><th>Materialtyp<\/th><th>Nachhaltigkeit<\/th><th>Wasserfestigkeit<\/th><th>Bestes Einsatzgebiet<\/th><\/tr><\/thead><tbody><tr><td>Recyceltes Polyester<\/td><td>Hoch<\/td><td>Mittel<\/td><td>Alltag &amp; Uni<\/td><\/tr><tr><td>Nylon<\/td><td>Mittel<\/td><td>Hoch<\/td><td>Alpinismus<\/td><\/tr><tr><td>Canvas<\/td><td>Mittel<\/td><td>Gering<\/td><td>Freizeit<\/td><\/tr><tr><td>Planenmaterial<\/td><td>Mittel<\/td><td>Sehr Hoch<\/td><td>Radfahren &amp; Wassersport<\/td><\/tr><\/tbody><\/table><\/figure>\n\n\n\n<h2 class=\"wp-block-heading\" id=\"maximale-funktionalitaet-auf-reisen-und-im-alltag\">Maximale Funktionalit\u00e4t auf Reisen und im Alltag<\/h2>\n\n\n\n<p>Ein hochwertiger Rucksack gl\u00e4nzt nicht nur durch Stoffe, sondern durch clevere Details, die den \u00dcbergang vom Alltag zur Weltreise nahtlos gestalten.<\/p>\n\n\n\n<h3 class=\"wp-block-heading\">Handgep\u00e4ck-Regeln und Koffer-Sleeve-Funktionen nutzen<\/h3>\n\n\n\n<p>Die meisten Airlines fordern strikt die Ma\u00dfe 55x40x20 cm. Ein rucksack mit weichen Seitenw\u00e4nden ist hier Gold wert. Er schl\u00fcpft oft noch durch die Kontrolle, wenn starre Koffer bereits scheitern.<\/p>\n\n\n\n<p>Besonders praktisch ist die integrierte Trolley-Halterung, auch Koffer-Sleeve genannt. Man schiebt den Sack einfach \u00fcber den Griff der Rolltasche. Das entlastet den R\u00fccken bei langen Wegen durch den Terminal enorm.<\/p>\n\n\n\n<ul class=\"wp-block-list\">\n<li>Passfach am R\u00fccken<\/li>\n\n\n\n<li>Schnellzugriff f\u00fcr Fl\u00fcssigkeiten<\/li>\n\n\n\n<li>Kompressionsriemen<\/li>\n<\/ul>\n\n\n\n<h3 class=\"wp-block-heading\">Reinigungstipps und Reparaturm\u00f6glichkeiten f\u00fcr Langlebigkeit<\/h3>\n\n\n\n<p>Wer lange Freude an seinem Begleiter haben will, w\u00e4scht ihn per Hand. Lauwarmes Wasser und milde Seife reichen v\u00f6llig aus. Die Waschmaschine zerst\u00f6rt oft die wichtige PU-Beschichtung und die Polsterung im Inneren.<\/p>\n\n\n\n<p>Rei\u00dfverschl\u00fcsse brauchen ab und zu Pflege mit Silikonspray oder etwas Wachs. Eine einfache B\u00fcrste entfernt den Dreck zwischen den Z\u00e4hnen. So verhindert man effektiv, dass der Verschluss klemmt oder vorzeitig verschlei\u00dft.<\/p>\n\n\n\n<p>Echte Profis achten beim Kauf auf die Reparierbarkeit. Marken, die Ersatzschnallen anbieten oder eigene Werkst\u00e4tten f\u00fchren, sind klar im Vorteil. Ein kaputtes Teil bedeutet so nicht gleich das Ende f\u00fcr das gesamte Produkt.<\/p>\n\n\n\n<p>Ein idealer Rucksack vereint ergonomische S-Gurte, ein gepolstertes Laptopfach und das richtige Volumen f\u00fcr Uni oder Business. W\u00e4hlen Sie jetzt Ihr passendes Modell mit nachhaltigen Materialien f\u00fcr maximalen Komfort im Alltag. Ihr R\u00fccken wird es Ihnen auf jeder zuk\u00fcnftigen Reise danken.<\/p>\n","protected":false},"excerpt":{"rendered":"<p>Das Wort Rucksack stammt urspr\u00fcnglich aus dem 19. Jahrhundert und bedeutet im Deutschen ganz w\u00f6rtlich ein Sack, der auf dem R\u00fccken getragen wird. Heute ist dieser funktionale Begleiter mit zwei Schultergurten und oft einem stabilisierenden Rahmen das Standardwerkzeug f\u00fcr Wanderer, Camper und Pendler gleicherma\u00dfen. Doch bei der riesigen Auswahl f\u00e4llt es oft schwer, das richtige [&hellip;]<\/p>\n","protected":false},"author":2,"featured_media":1427,"comment_status":"closed","ping_status":"closed","sticky":false,"template":"","format":"standard","meta":{"footnotes":""},"categories":[123],"tags":[],"class_list":["post-1426","post","type-post","status-publish","format-standard","has-post-thumbnail","hentry","category-modus"],"yoast_head":"<!-- This site is optimized with the Yoast SEO plugin v22.6 - https:\/\/yoast.com\/wordpress\/plugins\/seo\/ -->\n<title>Der ideale Rucksack f\u00fcr Alltag und Reisen im Test - Beaute Serenite<\/title>\n<meta name=\"robots\" content=\"index, follow, max-snippet:-1, max-image-preview:large, max-video-preview:-1\" \/>\n<link rel=\"canonical\" href=\"https:\/\/beauteserenite.fr\/de\/der-ideale-rucksack-fuer-alltag-und-reisen-im-test\/\" \/>\n<meta property=\"og:locale\" content=\"de_DE\" \/>\n<meta property=\"og:type\" content=\"article\" \/>\n<meta property=\"og:title\" content=\"Der ideale Rucksack f\u00fcr Alltag und Reisen im Test - Beaute Serenite\" \/>\n<meta property=\"og:description\" content=\"Das Wort Rucksack stammt urspr\u00fcnglich aus dem 19. Jahrhundert und bedeutet im Deutschen ganz w\u00f6rtlich ein Sack, der auf dem R\u00fccken getragen wird. Heute ist dieser funktionale Begleiter mit zwei Schultergurten und oft einem stabilisierenden Rahmen das Standardwerkzeug f\u00fcr Wanderer, Camper und Pendler gleicherma\u00dfen. Doch bei der riesigen Auswahl f\u00e4llt es oft schwer, das richtige [&hellip;]\" \/>\n<meta property=\"og:url\" content=\"https:\/\/beauteserenite.fr\/de\/der-ideale-rucksack-fuer-alltag-und-reisen-im-test\/\" \/>\n<meta property=\"og:site_name\" content=\"Beaute Serenite\" \/>\n<meta property=\"article:published_time\" content=\"2026-04-24T10:26:05+00:00\" \/>\n<meta property=\"og:image\" content=\"https:\/\/beauteserenite.fr\/wp-content\/uploads\/2026\/04\/k9xuqkmg_moderner-rucksack-auf-campus-und-naturpfad.jpg\" \/>\n\t<meta property=\"og:image:width\" content=\"1376\" \/>\n\t<meta property=\"og:image:height\" content=\"768\" \/>\n\t<meta property=\"og:image:type\" content=\"image\/jpeg\" \/>\n<meta name=\"author\" content=\"Sophie\" \/>\n<meta name=\"twitter:card\" content=\"summary_large_image\" \/>\n<meta name=\"twitter:label1\" content=\"Verfasst von\" \/>\n\t<meta name=\"twitter:data1\" content=\"Sophie\" \/>\n\t<meta name=\"twitter:label2\" content=\"Gesch\u00e4tzte Lesezeit\" \/>\n\t<meta name=\"twitter:data2\" content=\"5 Minuten\" \/>\n<script type=\"application\/ld+json\" class=\"yoast-schema-graph\">{\"@context\":\"https:\/\/schema.org\",\"@graph\":[{\"@type\":\"WebPage\",\"@id\":\"https:\/\/beauteserenite.fr\/de\/der-ideale-rucksack-fuer-alltag-und-reisen-im-test\/\",\"url\":\"https:\/\/beauteserenite.fr\/de\/der-ideale-rucksack-fuer-alltag-und-reisen-im-test\/\",\"name\":\"Der ideale Rucksack f\u00fcr Alltag und Reisen im Test - Beaute Serenite\",\"isPartOf\":{\"@id\":\"https:\/\/beauteserenite.fr\/de\/#website\"},\"primaryImageOfPage\":{\"@id\":\"https:\/\/beauteserenite.fr\/de\/der-ideale-rucksack-fuer-alltag-und-reisen-im-test\/#primaryimage\"},\"image\":{\"@id\":\"https:\/\/beauteserenite.fr\/de\/der-ideale-rucksack-fuer-alltag-und-reisen-im-test\/#primaryimage\"},\"thumbnailUrl\":\"https:\/\/beauteserenite.fr\/wp-content\/uploads\/2026\/04\/k9xuqkmg_moderner-rucksack-auf-campus-und-naturpfad.jpg\",\"datePublished\":\"2026-04-24T10:26:05+00:00\",\"dateModified\":\"2026-04-24T10:26:05+00:00\",\"author\":{\"@id\":\"https:\/\/beauteserenite.fr\/de\/#\/schema\/person\/c344bb231b3de6394df8736fbfefba35\"},\"breadcrumb\":{\"@id\":\"https:\/\/beauteserenite.fr\/de\/der-ideale-rucksack-fuer-alltag-und-reisen-im-test\/#breadcrumb\"},\"inLanguage\":\"de\",\"potentialAction\":[{\"@type\":\"ReadAction\",\"target\":[\"https:\/\/beauteserenite.fr\/de\/der-ideale-rucksack-fuer-alltag-und-reisen-im-test\/\"]}]},{\"@type\":\"ImageObject\",\"inLanguage\":\"de\",\"@id\":\"https:\/\/beauteserenite.fr\/de\/der-ideale-rucksack-fuer-alltag-und-reisen-im-test\/#primaryimage\",\"url\":\"https:\/\/beauteserenite.fr\/wp-content\/uploads\/2026\/04\/k9xuqkmg_moderner-rucksack-auf-campus-und-naturpfad.jpg\",\"contentUrl\":\"https:\/\/beauteserenite.fr\/wp-content\/uploads\/2026\/04\/k9xuqkmg_moderner-rucksack-auf-campus-und-naturpfad.jpg\",\"width\":1376,\"height\":768},{\"@type\":\"BreadcrumbList\",\"@id\":\"https:\/\/beauteserenite.fr\/de\/der-ideale-rucksack-fuer-alltag-und-reisen-im-test\/#breadcrumb\",\"itemListElement\":[{\"@type\":\"ListItem\",\"position\":1,\"name\":\"Accueil\",\"item\":\"https:\/\/beauteserenite.fr\/de\/willkommen-auf-meinem-blog-ueber-schoenheit-und-koerperpflege-2\/\"},{\"@type\":\"ListItem\",\"position\":2,\"name\":\"Der ideale Rucksack f\u00fcr Alltag und Reisen im Test\"}]},{\"@type\":\"WebSite\",\"@id\":\"https:\/\/beauteserenite.fr\/de\/#website\",\"url\":\"https:\/\/beauteserenite.fr\/de\/\",\"name\":\"Beaute Serenite\",\"description\":\"R\u00e9v\u00e9lez votre beaut\u00e9 int\u00e9rieure et ext\u00e9rieure en toute s\u00e9r\u00e9nit\u00e9 !\",\"potentialAction\":[{\"@type\":\"SearchAction\",\"target\":{\"@type\":\"EntryPoint\",\"urlTemplate\":\"https:\/\/beauteserenite.fr\/de\/?s={search_term_string}\"},\"query-input\":\"required name=search_term_string\"}],\"inLanguage\":\"de\"},{\"@type\":\"Person\",\"@id\":\"https:\/\/beauteserenite.fr\/de\/#\/schema\/person\/c344bb231b3de6394df8736fbfefba35\",\"name\":\"Sophie\",\"url\":\"https:\/\/beauteserenite.fr\/de\/author\/stride-up\/\"}]}<\/script>\n<!-- \/ Yoast SEO plugin. -->","yoast_head_json":{"title":"Der ideale Rucksack f\u00fcr Alltag und Reisen im Test - Beaute Serenite","robots":{"index":"index","follow":"follow","max-snippet":"max-snippet:-1","max-image-preview":"max-image-preview:large","max-video-preview":"max-video-preview:-1"},"canonical":"https:\/\/beauteserenite.fr\/de\/der-ideale-rucksack-fuer-alltag-und-reisen-im-test\/","og_locale":"de_DE","og_type":"article","og_title":"Der ideale Rucksack f\u00fcr Alltag und Reisen im Test - Beaute Serenite","og_description":"Das Wort Rucksack stammt urspr\u00fcnglich aus dem 19. Jahrhundert und bedeutet im Deutschen ganz w\u00f6rtlich ein Sack, der auf dem R\u00fccken getragen wird. Heute ist dieser funktionale Begleiter mit zwei Schultergurten und oft einem stabilisierenden Rahmen das Standardwerkzeug f\u00fcr Wanderer, Camper und Pendler gleicherma\u00dfen. Doch bei der riesigen Auswahl f\u00e4llt es oft schwer, das richtige [&hellip;]","og_url":"https:\/\/beauteserenite.fr\/de\/der-ideale-rucksack-fuer-alltag-und-reisen-im-test\/","og_site_name":"Beaute Serenite","article_published_time":"2026-04-24T10:26:05+00:00","og_image":[{"width":1376,"height":768,"url":"https:\/\/beauteserenite.fr\/wp-content\/uploads\/2026\/04\/k9xuqkmg_moderner-rucksack-auf-campus-und-naturpfad.jpg","type":"image\/jpeg"}],"author":"Sophie","twitter_card":"summary_large_image","twitter_misc":{"Verfasst von":"Sophie","Gesch\u00e4tzte Lesezeit":"5 Minuten"},"schema":{"@context":"https:\/\/schema.org","@graph":[{"@type":"WebPage","@id":"https:\/\/beauteserenite.fr\/de\/der-ideale-rucksack-fuer-alltag-und-reisen-im-test\/","url":"https:\/\/beauteserenite.fr\/de\/der-ideale-rucksack-fuer-alltag-und-reisen-im-test\/","name":"Der ideale Rucksack f\u00fcr Alltag und Reisen im Test - Beaute Serenite","isPartOf":{"@id":"https:\/\/beauteserenite.fr\/de\/#website"},"primaryImageOfPage":{"@id":"https:\/\/beauteserenite.fr\/de\/der-ideale-rucksack-fuer-alltag-und-reisen-im-test\/#primaryimage"},"image":{"@id":"https:\/\/beauteserenite.fr\/de\/der-ideale-rucksack-fuer-alltag-und-reisen-im-test\/#primaryimage"},"thumbnailUrl":"https:\/\/beauteserenite.fr\/wp-content\/uploads\/2026\/04\/k9xuqkmg_moderner-rucksack-auf-campus-und-naturpfad.jpg","datePublished":"2026-04-24T10:26:05+00:00","dateModified":"2026-04-24T10:26:05+00:00","author":{"@id":"https:\/\/beauteserenite.fr\/de\/#\/schema\/person\/c344bb231b3de6394df8736fbfefba35"},"breadcrumb":{"@id":"https:\/\/beauteserenite.fr\/de\/der-ideale-rucksack-fuer-alltag-und-reisen-im-test\/#breadcrumb"},"inLanguage":"de","potentialAction":[{"@type":"ReadAction","target":["https:\/\/beauteserenite.fr\/de\/der-ideale-rucksack-fuer-alltag-und-reisen-im-test\/"]}]},{"@type":"ImageObject","inLanguage":"de","@id":"https:\/\/beauteserenite.fr\/de\/der-ideale-rucksack-fuer-alltag-und-reisen-im-test\/#primaryimage","url":"https:\/\/beauteserenite.fr\/wp-content\/uploads\/2026\/04\/k9xuqkmg_moderner-rucksack-auf-campus-und-naturpfad.jpg","contentUrl":"https:\/\/beauteserenite.fr\/wp-content\/uploads\/2026\/04\/k9xuqkmg_moderner-rucksack-auf-campus-und-naturpfad.jpg","width":1376,"height":768},{"@type":"BreadcrumbList","@id":"https:\/\/beauteserenite.fr\/de\/der-ideale-rucksack-fuer-alltag-und-reisen-im-test\/#breadcrumb","itemListElement":[{"@type":"ListItem","position":1,"name":"Accueil","item":"https:\/\/beauteserenite.fr\/de\/willkommen-auf-meinem-blog-ueber-schoenheit-und-koerperpflege-2\/"},{"@type":"ListItem","position":2,"name":"Der ideale Rucksack f\u00fcr Alltag und Reisen im Test"}]},{"@type":"WebSite","@id":"https:\/\/beauteserenite.fr\/de\/#website","url":"https:\/\/beauteserenite.fr\/de\/","name":"Beaute Serenite","description":"R\u00e9v\u00e9lez votre beaut\u00e9 int\u00e9rieure et ext\u00e9rieure en toute s\u00e9r\u00e9nit\u00e9 !","potentialAction":[{"@type":"SearchAction","target":{"@type":"EntryPoint","urlTemplate":"https:\/\/beauteserenite.fr\/de\/?s={search_term_string}"},"query-input":"required name=search_term_string"}],"inLanguage":"de"},{"@type":"Person","@id":"https:\/\/beauteserenite.fr\/de\/#\/schema\/person\/c344bb231b3de6394df8736fbfefba35","name":"Sophie","url":"https:\/\/beauteserenite.fr\/de\/author\/stride-up\/"}]}},"_links":{"self":[{"href":"https:\/\/beauteserenite.fr\/de\/wp-json\/wp\/v2\/posts\/1426","targetHints":{"allow":["GET"]}}],"collection":[{"href":"https:\/\/beauteserenite.fr\/de\/wp-json\/wp\/v2\/posts"}],"about":[{"href":"https:\/\/beauteserenite.fr\/de\/wp-json\/wp\/v2\/types\/post"}],"author":[{"embeddable":true,"href":"https:\/\/beauteserenite.fr\/de\/wp-json\/wp\/v2\/users\/2"}],"replies":[{"embeddable":true,"href":"https:\/\/beauteserenite.fr\/de\/wp-json\/wp\/v2\/comments?post=1426"}],"version-history":[{"count":1,"href":"https:\/\/beauteserenite.fr\/de\/wp-json\/wp\/v2\/posts\/1426\/revisions"}],"predecessor-version":[{"id":1428,"href":"https:\/\/beauteserenite.fr\/de\/wp-json\/wp\/v2\/posts\/1426\/revisions\/1428"}],"wp:featuredmedia":[{"embeddable":true,"href":"https:\/\/beauteserenite.fr\/de\/wp-json\/wp\/v2\/media\/1427"}],"wp:attachment":[{"href":"https:\/\/beauteserenite.fr\/de\/wp-json\/wp\/v2\/media?parent=1426"}],"wp:term":[{"taxonomy":"category","embeddable":true,"href":"https:\/\/beauteserenite.fr\/de\/wp-json\/wp\/v2\/categories?post=1426"},{"taxonomy":"post_tag","embeddable":true,"href":"https:\/\/beauteserenite.fr\/de\/wp-json\/wp\/v2\/tags?post=1426"}],"curies":[{"name":"wp","href":"https:\/\/api.w.org\/{rel}","templated":true}]}}